{"id":143,"date":"2024-06-15T20:14:45","date_gmt":"2024-06-15T18:14:45","guid":{"rendered":"https:\/\/www.vav.dk\/da-dk\/?p=143"},"modified":"2025-07-01T18:03:08","modified_gmt":"2025-07-01T16:03:08","slug":"ivaerksaetterudspil-ikke-meget-for-de-smaa-selvstaendige","status":"publish","type":"post","link":"https:\/\/www.vav.dk\/da-dk\/ivaerksaetterudspil-ikke-meget-for-de-smaa-selvstaendige\/143\/","title":{"rendered":"Iv\u00e6rks\u00e6tterudspil: Ikke meget for de sm\u00e5 selvst\u00e6ndige"},"content":{"rendered":"<p>Danske Soloselvst\u00e6ndige, en interesseorganisation for soloselvst\u00e6ndige, freelancere og mikrovirksomheder, havde store forh\u00e5bninger om, at regeringens l\u00e6nge ventede opl\u00e6g ville indeholde konkrete tiltag for at forbedre vilk\u00e5rene for de sm\u00e5 erhvervsdrivende i Danmark.<\/p>\n<p>Desv\u00e6rre viser en n\u00e6rmere gennemgang af udspillet, at meget lidt er blevet gjort for denne gruppe.<\/p>\n<p>Regeringen har pr\u00e6senteret initiativer som bedre adgang til kapital, lempet beskatning og f\u00e6rre administrative byrder. Disse initiativer er i sig selv positive, men de overser de specifikke behov og udfordringer, som soloselvst\u00e6ndige st\u00e5r overfor.<\/p>\n<p>&#8220;Selvom en halvering af kapitalkravet for anpartsselskaber og bedre adgang til en basal betalingskonto er skridt i den rigtige retning, l\u00f8ser det ikke de grundl\u00e6ggende problemer soloselvst\u00e6ndige oplever,&#8221; siger Birgitte Feldborg formand for Danske Soloselvst\u00e6ndige. &#8220;Vi har brug for en reel anerkendelse og inkludering af soloselvst\u00e6ndige i erhvervsfremmesystemet og ligestilling med andre virksomheder i forhold til st\u00f8tte og puljer.&#8221;<\/p>\n<p>Danske Soloselvst\u00e6ndige havde foresl\u00e5et konkrete tiltag som ret til en NEM-erhvervskonto ved modtagelse af CVR-nummer, \u00e6ndringer i definitionen af iv\u00e6rks\u00e6ttere og selvst\u00e6ndige for at inkludere dem med \u00e6ldre CVR-numre i st\u00f8ttemuligheder, og en revision af Den danske model til at inkludere soloselvst\u00e6ndige som en fjerde part. Disse forslag er ikke blevet adresseret i regeringens udspil.<\/p>\n<p>&#8220;Regeringen har endnu engang vist, at de ikke forst\u00e5r de unikke udfordringer, som soloselvst\u00e6ndige st\u00e5r overfor,&#8221; forts\u00e6tter Birgitte Feldborg &#8220;Vi vil forts\u00e6tte vores arbejde for at sikre bedre vilk\u00e5r for denne vigtige del af dansk erhvervsliv.&#8221;<\/p>\n","protected":false},"excerpt":{"rendered":"<p>Regeringens nye iv\u00e6rks\u00e6tterudspil, der blev pr\u00e6senteret i forg\u00e5rs, lover meget for dansk erhvervsliv, men efterlader de sm\u00e5 soloselvst\u00e6ndige, freelancere og mikrovirksomheder med f\u00e5 reelle forbedringer.<\/p>\n","protected":false},"author":2,"featured_media":149,"comment_status":"closed","ping_status":"open","sticky":false,"template":"","format":"standard","meta":{"footnotes":""},"categories":[16],"tags":[],"class_list":["post-143","post","type-post","status-publish","format-standard","has-post-thumbnail","hentry","category-erhverv"],"_links":{"self":[{"href":"https:\/\/www.vav.dk\/da-dk\/wp-json\/wp\/v2\/posts\/143","targetHints":{"allow":["GET"]}}],"collection":[{"href":"https:\/\/www.vav.dk\/da-dk\/wp-json\/wp\/v2\/posts"}],"about":[{"href":"https:\/\/www.vav.dk\/da-dk\/wp-json\/wp\/v2\/types\/post"}],"author":[{"embeddable":true,"href":"https:\/\/www.vav.dk\/da-dk\/wp-json\/wp\/v2\/users\/2"}],"replies":[{"embeddable":true,"href":"https:\/\/www.vav.dk\/da-dk\/wp-json\/wp\/v2\/comments?post=143"}],"version-history":[{"count":1,"href":"https:\/\/www.vav.dk\/da-dk\/wp-json\/wp\/v2\/posts\/143\/revisions"}],"predecessor-version":[{"id":1021,"href":"https:\/\/www.vav.dk\/da-dk\/wp-json\/wp\/v2\/posts\/143\/revisions\/1021"}],"wp:featuredmedia":[{"embeddable":true,"href":"https:\/\/www.vav.dk\/da-dk\/wp-json\/wp\/v2\/media\/149"}],"wp:attachment":[{"href":"https:\/\/www.vav.dk\/da-dk\/wp-json\/wp\/v2\/media?parent=143"}],"wp:term":[{"taxonomy":"category","embeddable":true,"href":"https:\/\/www.vav.dk\/da-dk\/wp-json\/wp\/v2\/categories?post=143"},{"taxonomy":"post_tag","embeddable":true,"href":"https:\/\/www.vav.dk\/da-dk\/wp-json\/wp\/v2\/tags?post=143"}],"curies":[{"name":"wp","href":"https:\/\/api.w.org\/{rel}","templated":true}]}}